{"id":1175,"date":"2021-09-12T13:01:26","date_gmt":"2021-09-12T11:01:26","guid":{"rendered":"https:\/\/www.midea.fr\/midea-blog\/?p=1175"},"modified":"2021-09-21T11:59:46","modified_gmt":"2021-09-21T09:59:46","slug":"quelle-serait-la-consommation-de-mon-climatiseur-si-je-le-laissais-fonctionner-pendant-toute-la-nuit","status":"publish","type":"post","link":"https:\/\/www.mideahvac.fr\/midea-blog\/quelle-serait-la-consommation-de-mon-climatiseur-si-je-le-laissais-fonctionner-pendant-toute-la-nuit\/","title":{"rendered":"Quelle serait la consommation de mon climatiseur si je le laissais fonctionner pendant toute la nuit ?"},"content":{"rendered":"<p>Qu\u2019arriverait-il <strong>si nous dormions toute la nuit avec le climatiseur allum\u00e9?<\/strong> Le montant de notre facture grimperait-il ?<br \/>\nSaviez-vous que le sommeil est aussi important que l\u2019alimentation ? Un bon repos a des cons\u00e9quences positives sur notre corps et notre cerveau. C\u2019est pourquoi, si nous dormons mal plusieurs nuits de suite, nous serons affect\u00e9s psychologiquement et physiquement.<br \/>\nUn sommeil de qualit\u00e9 est un sommeil continu, et la temp\u00e9rature est l\u2019un des facteurs qui nous aident \u00e0 le pr\u00e9server. Vous r\u00e9veillez-vous souvent \u00e0 trois heures du matin, tremp\u00e9 de sueur ? Pour \u00e9viter ce type de situation, la temp\u00e9rature id\u00e9ale \u00e0 laquelle nous devrions dormir se situe entre 19 et 22 degr\u00e9s. Toutefois, selon la p\u00e9riode de l\u2019ann\u00e9e, cet objectif est inaccessible sans le petit coup de pouce donn\u00e9 par un climatiseur \u00e0 pompe \u00e0 chaleur. Avec ce type d\u2019unit\u00e9s, nous pourrons b\u00e9n\u00e9ficier \u00e0 coup s\u00fbr d\u2019une temp\u00e9rature id\u00e9ale toute l\u2019ann\u00e9e.<br \/>\nL\u2019une des <span>recommandations <\/span><span>les plus courantes<\/span> consiste \u00e0 programmer le climatiseur pour qu\u2019il s\u2019arr\u00eate automatiquement lorsque nous allons dormir. Mais qu\u2019arriverait-il <strong>si nous dormions<\/strong> <b>toute la nuit avec le climatiseur allum\u00e9<\/b><span>\u00a0?<\/span>? Le montant de notre facture grimperait-il ?<br \/>\nLisez la suite pour d\u00e9couvrir comment Midea vous aide \u00e0 <strong>\u00e9conomiser de l\u2019\u00e9nergie<\/strong>, m\u00eame si vous faites fonctionner votre climatiseur pendant toute la nuit.<\/p>\n<h2><strong>Climatiseurs basse consommation<\/strong><\/h2>\n<p>Tous les splits de Midea sont con\u00e7us pour atteindre une efficacit\u00e9 \u00e9nerg\u00e9tique maximale. Leur consommation d\u2019\u00e9nergie est inf\u00e9rieure \u00e0 celle des autres mod\u00e8les sur le march\u00e9. C\u2019est gr\u00e2ce \u00e0 leur classe \u00e9nerg\u00e9tique A++ et A+++ et \u00e0 la technologie Inverter. Cette technologie permet de r\u00e9guler le fonctionnement du compresseur afin que le split fonctionne \u00e0 une vitesse constante. Cela se traduit par des \u00e9conomies d\u2019\u00e9nergie pouvant aller jusqu\u2019\u00e0 40 % par comparaison avec les appareils qui n\u2019int\u00e8grent pas ce syst\u00e8me (chaud-froid)*.<\/p>\n<h2><strong>Consommation du climatiseur en mode automatique<\/strong><\/h2>\n<p>Dans cet article, nous comparions la consommation de trois mod\u00e8les diff\u00e9rents de Midea pendant huit heures. Les r\u00e9sultats trouv\u00e9s nous permettent de dire combien notre facture augmenterait si nous dormions avec un climatiseur Midea en mode automatique toutes les nuits pendant un mois.<\/p>\n<p>Dans cet article, nous comparions la consommation de trois mod\u00e8les diff\u00e9rents de Midea pendant huit heures. Les r\u00e9sultats trouv\u00e9s nous permettent de dire combien notre facture augmenterait si nous dormions avec un climatiseur Midea en mode automatique toutes les nuits pendant un mois.<\/p>\n<p>&nbsp;<\/p>\n<table>\n<tbody>\n<tr>\n<td><\/td>\n<td><b>Midea Breezeless 35(12)N1<\/b><\/td>\n<td><b>Midea Xtreme Save 35(12)N1<\/b><\/td>\n<td><b>Midea Optimal 35(12)N8<\/b><\/td>\n<\/tr>\n<tr>\n<td><b>Puissance frigorifique (kW)<\/b><\/td>\n<td><b>3,52<\/b><\/td>\n<td><b>3,52<\/b><\/td>\n<td><b>3,51<\/b><\/td>\n<\/tr>\n<tr>\n<td><b>SEER<\/b><\/td>\n<td><b>8,5<\/b><\/td>\n<td><b>8,5<\/b><\/td>\n<td><b>9<\/b><\/td>\n<\/tr>\n<tr>\n<td><b>D\u00e9pense quotidienne (8 heures)<\/b><\/td>\n<td><b>0,61\u20ac<\/b><\/td>\n<td><b>0,61\u20ac<\/b><\/td>\n<td><b>0,57\u20ac<\/b><\/td>\n<\/tr>\n<tr>\n<td><b>D\u00e9pense mensuelle (30 jours)<\/b><\/td>\n<td><b>18,17\u20ac<\/b><\/td>\n<td><b>18,17\u20ac<\/b><\/td>\n<td><b>17,11\u20ac<\/b><\/td>\n<\/tr>\n<\/tbody>\n<\/table>\n<p><b>*\u00a0Pour effectuer le calcul, nous partons de journ\u00e9es avec une utilisation moyenne de huit heures, et un prix de l\u2019\u00e9lectricit\u00e9 de 0,143721 EUR\/KWh, plus les taxes sur l\u2019\u00e9lectricit\u00e9 et la TVA.<\/b><\/p>\n<h2>Consommation du climatiseur en mode basse consommation<\/h2>\n<p>Les r\u00e9sultats du tableau montrent une utilisation inhabituelle de l\u2019air : il est allum\u00e9 toutes les nuits pendant un mois en mode automatique. En r\u00e9alit\u00e9, le co\u00fbt avec Midea est beaucoup plus bas !<br \/>\nTout est dans la technologie. Chez Midea, nous nous pr\u00e9occupons autant de votre confort que des \u00e9conomies d\u2019\u00e9nergie. C\u2019est pourquoi nous avons d\u00e9velopp\u00e9 plusieurs fonctionnalit\u00e9s qui vous aideront \u00e0 r\u00e9duire votre facture d\u2019\u00e9lectricit\u00e9:<\/p>\n<ul>\n<li><a href=\"https:\/\/www.mideahvac.fr\/midea-blog\/les-avantages-du-climatiseur-basse-consommation\/\" target=\"_blank\" rel=\"noopener noreferrer\">Le mode Economic<\/a> : gr\u00e2ce \u00e0 celui-ci, le m\u00eame climatiseur consommera jusqu\u2019\u00e0 60 %** de moins par rapport au mode automatique. Ce mode est disponible sur tous nos mod\u00e8les de la gamme domestique. Ainsi, par exemple, avec un climatiseur <a href=\"https:\/\/www.mideahvac.fr\/produit\/midea-breezeless\/\" target=\"_blank\" rel=\"noopener noreferrer\">Midea Breezeless<\/a> fonctionnant toute la nuit en mode Economic, le prix de la consommation pourrait passer de 0,61 \u20ac \u00e0 0,24 \u20ac. N\u2019est-ce pas un juste prix pour une nuit avec une temp\u00e9rature parfaite ?<\/li>\n<li>Avec le lancement de <a href=\"https:\/\/www.mideahvac.fr\/produit\/midea-xtreme-save\/\" target=\"_blank\" rel=\"noopener noreferrer\">Midea Xtreme Save<\/a> et son concept d\u2019efficacit\u00e9 \u00e9nerg\u00e9tique, la marque place la barre tr\u00e8s haut. En plus d\u2019incorporer le mode Economic, ce split int\u00e8gre la fonction GearShift avec laquelle vous pouvez limiter la consommation de l\u2019appareil jusqu\u2019\u00e0 50 % ou 75 % en mode refroidissement, selon l\u2019option choisie.<\/li>\n<\/ul>\n<p>Gr\u00e2ce \u00e0 ces fonctions, vous pourrez dormir avec le climatiseur allum\u00e9 toute la nuit avec peu d\u2019impact sur votre facture. Souhaitez-vous en avoir le c\u0153ur net ? D\u00e9couvrez le <a href=\"https:\/\/www.mideahvac.fr\/domestique\/\">climatiseur basse consommation<\/a> qui s\u2019adapte le mieux \u00e0 votre profil !<\/p>\n<p>* Sources :<a href=\"https:\/\/www.caloryfrio.com\/aire-acondicionado\/aire-acondicionado-domestico\/aire-acondicionado-inverter.html\"> https:\/\/www.caloryfrio.com\/aire-acondicionado\/aire-acondicionado-domestico\/aire-acondicionado-inverter.html<\/a><br \/>\n** Test\u00e9 au cours de Midea Mission 35(12)N1, r\u00e9duction de la consommation \u00e9lectrique de 59,51 % entre modes Economic et Automatique. La temp\u00e9rature atteinte dans la pi\u00e8ce en mode Economic est sup\u00e9rieure \u00e0 celle en mode Automatique.<\/p>\n","protected":false},"excerpt":{"rendered":"<p>Qu\u2019arriverait-il si nous dormions toute la nuit avec le climatiseur allum\u00e9? Le montant de notre facture grimperait-il ? Saviez-vous que le sommeil est aussi important que l\u2019alimentation ? Un bon repos a des cons\u00e9quences positives sur notre corps et notre cerveau. C\u2019est pourquoi, si nous dormons mal plusieurs nuits de suite, nous serons affect\u00e9s psychologiquement [&hellip;]<\/p>\n","protected":false},"author":5,"featured_media":1176,"comment_status":"open","ping_status":"open","sticky":false,"template":"","format":"standard","meta":[],"categories":[3],"tags":[],"acf":[],"yoast_head":"<!-- This site is optimized with the Yoast SEO plugin v19.13 - https:\/\/yoast.com\/wordpress\/plugins\/seo\/ -->\n<title>Quelle serait la consommation de mon climatiseur si je le laissais fonctionner pendant toute la nuit ?<\/title>\n<meta name=\"description\" content=\"Qu\u2019arriverait-il si nous dormions toute la nuit avec le climatiseur allum\u00e9? Le montant de notre facture grimperait-il ? Saviez-vous que le sommeil est\" \/>\n<meta name=\"robots\" content=\"index, follow, max-snippet:-1, max-image-preview:large, max-video-preview:-1\" \/>\n<link rel=\"canonical\" href=\"https:\/\/www.mideahvac.fr\/midea-blog\/quelle-serait-la-consommation-de-mon-climatiseur-si-je-le-laissais-fonctionner-pendant-toute-la-nuit\/\" \/>\n<meta property=\"og:locale\" content=\"fr_FR\" \/>\n<meta property=\"og:type\" content=\"article\" \/>\n<meta property=\"og:title\" content=\"Quelle serait la consommation de mon climatiseur si je le laissais fonctionner pendant toute la nuit ?\" \/>\n<meta property=\"og:description\" content=\"Qu\u2019arriverait-il si nous dormions toute la nuit avec le climatiseur allum\u00e9? Le montant de notre facture grimperait-il ? Saviez-vous que le sommeil est\" \/>\n<meta property=\"og:url\" content=\"https:\/\/www.mideahvac.fr\/midea-blog\/quelle-serait-la-consommation-de-mon-climatiseur-si-je-le-laissais-fonctionner-pendant-toute-la-nuit\/\" \/>\n<meta property=\"og:site_name\" content=\"Id\u00e9es Midea\" \/>\n<meta property=\"article:published_time\" content=\"2021-09-12T11:01:26+00:00\" \/>\n<meta property=\"article:modified_time\" content=\"2021-09-21T09:59:46+00:00\" \/>\n<meta property=\"og:image\" content=\"https:\/\/www.mideahvac.fr\/midea-blog\/wp-content\/uploads\/2021\/09\/climatiseur-fonctionner-nuit.jpg\" \/>\n\t<meta property=\"og:image:width\" content=\"1695\" \/>\n\t<meta property=\"og:image:height\" content=\"700\" \/>\n\t<meta property=\"og:image:type\" content=\"image\/jpeg\" \/>\n<meta name=\"author\" content=\"artesans\" \/>\n<meta name=\"twitter:card\" content=\"summary_large_image\" \/>\n<meta name=\"twitter:label1\" content=\"\u00c9crit par\" \/>\n\t<meta name=\"twitter:data1\" content=\"artesans\" \/>\n\t<meta name=\"twitter:label2\" content=\"Dur\u00e9e de lecture estim\u00e9e\" \/>\n\t<meta name=\"twitter:data2\" content=\"4 minutes\" \/>\n<script type=\"application\/ld+json\" class=\"yoast-schema-graph\">{\"@context\":\"https:\/\/schema.org\",\"@graph\":[{\"@type\":\"Article\",\"@id\":\"https:\/\/www.mideahvac.fr\/midea-blog\/quelle-serait-la-consommation-de-mon-climatiseur-si-je-le-laissais-fonctionner-pendant-toute-la-nuit\/#article\",\"isPartOf\":{\"@id\":\"https:\/\/www.mideahvac.fr\/midea-blog\/quelle-serait-la-consommation-de-mon-climatiseur-si-je-le-laissais-fonctionner-pendant-toute-la-nuit\/\"},\"author\":{\"name\":\"artesans\",\"@id\":\"https:\/\/www.mideahvac.fr\/midea-blog\/#\/schema\/person\/a67cf6037aa7d08212d0dda73c64d18b\"},\"headline\":\"Quelle serait la consommation de mon climatiseur si je le laissais fonctionner pendant toute la nuit ?\",\"datePublished\":\"2021-09-12T11:01:26+00:00\",\"dateModified\":\"2021-09-21T09:59:46+00:00\",\"mainEntityOfPage\":{\"@id\":\"https:\/\/www.mideahvac.fr\/midea-blog\/quelle-serait-la-consommation-de-mon-climatiseur-si-je-le-laissais-fonctionner-pendant-toute-la-nuit\/\"},\"wordCount\":788,\"commentCount\":0,\"publisher\":{\"@id\":\"https:\/\/www.mideahvac.fr\/midea-blog\/#organization\"},\"articleSection\":[\"Air et maison\"],\"inLanguage\":\"fr-FR\",\"potentialAction\":[{\"@type\":\"CommentAction\",\"name\":\"Comment\",\"target\":[\"https:\/\/www.mideahvac.fr\/midea-blog\/quelle-serait-la-consommation-de-mon-climatiseur-si-je-le-laissais-fonctionner-pendant-toute-la-nuit\/#respond\"]}]},{\"@type\":\"WebPage\",\"@id\":\"https:\/\/www.mideahvac.fr\/midea-blog\/quelle-serait-la-consommation-de-mon-climatiseur-si-je-le-laissais-fonctionner-pendant-toute-la-nuit\/\",\"url\":\"https:\/\/www.mideahvac.fr\/midea-blog\/quelle-serait-la-consommation-de-mon-climatiseur-si-je-le-laissais-fonctionner-pendant-toute-la-nuit\/\",\"name\":\"Quelle serait la consommation de mon climatiseur si je le laissais fonctionner pendant toute la nuit ?\",\"isPartOf\":{\"@id\":\"https:\/\/www.mideahvac.fr\/midea-blog\/#website\"},\"datePublished\":\"2021-09-12T11:01:26+00:00\",\"dateModified\":\"2021-09-21T09:59:46+00:00\",\"description\":\"Qu\u2019arriverait-il si nous dormions toute la nuit avec le climatiseur allum\u00e9? Le montant de notre facture grimperait-il ? Saviez-vous que le sommeil est\",\"breadcrumb\":{\"@id\":\"https:\/\/www.mideahvac.fr\/midea-blog\/quelle-serait-la-consommation-de-mon-climatiseur-si-je-le-laissais-fonctionner-pendant-toute-la-nuit\/#breadcrumb\"},\"inLanguage\":\"fr-FR\",\"potentialAction\":[{\"@type\":\"ReadAction\",\"target\":[\"https:\/\/www.mideahvac.fr\/midea-blog\/quelle-serait-la-consommation-de-mon-climatiseur-si-je-le-laissais-fonctionner-pendant-toute-la-nuit\/\"]}]},{\"@type\":\"BreadcrumbList\",\"@id\":\"https:\/\/www.mideahvac.fr\/midea-blog\/quelle-serait-la-consommation-de-mon-climatiseur-si-je-le-laissais-fonctionner-pendant-toute-la-nuit\/#breadcrumb\",\"itemListElement\":[{\"@type\":\"ListItem\",\"position\":1,\"name\":\"Portada\",\"item\":\"https:\/\/www.mideahvac.fr\/midea-blog\/\"},{\"@type\":\"ListItem\",\"position\":2,\"name\":\"Quelle serait la consommation de mon climatiseur si je le laissais fonctionner pendant toute la nuit ?\"}]},{\"@type\":\"WebSite\",\"@id\":\"https:\/\/www.mideahvac.fr\/midea-blog\/#website\",\"url\":\"https:\/\/www.mideahvac.fr\/midea-blog\/\",\"name\":\"Id\u00e9es Midea\",\"description\":\"Traitement de l&#039;air\",\"publisher\":{\"@id\":\"https:\/\/www.mideahvac.fr\/midea-blog\/#organization\"},\"potentialAction\":[{\"@type\":\"SearchAction\",\"target\":{\"@type\":\"EntryPoint\",\"urlTemplate\":\"https:\/\/www.mideahvac.fr\/midea-blog\/?s={search_term_string}\"},\"query-input\":\"required name=search_term_string\"}],\"inLanguage\":\"fr-FR\"},{\"@type\":\"Organization\",\"@id\":\"https:\/\/www.mideahvac.fr\/midea-blog\/#organization\",\"name\":\"Midea\",\"url\":\"https:\/\/www.mideahvac.fr\/midea-blog\/\",\"logo\":{\"@type\":\"ImageObject\",\"inLanguage\":\"fr-FR\",\"@id\":\"https:\/\/www.mideahvac.fr\/midea-blog\/#\/schema\/logo\/image\/\",\"url\":\"https:\/\/www.mideahvac.fr\/midea-blog\/wp-content\/uploads\/2018\/07\/cropped-midea.png\",\"contentUrl\":\"https:\/\/www.mideahvac.fr\/midea-blog\/wp-content\/uploads\/2018\/07\/cropped-midea.png\",\"width\":385,\"height\":250,\"caption\":\"Midea\"},\"image\":{\"@id\":\"https:\/\/www.mideahvac.fr\/midea-blog\/#\/schema\/logo\/image\/\"}},{\"@type\":\"Person\",\"@id\":\"https:\/\/www.mideahvac.fr\/midea-blog\/#\/schema\/person\/a67cf6037aa7d08212d0dda73c64d18b\",\"name\":\"artesans\",\"image\":{\"@type\":\"ImageObject\",\"inLanguage\":\"fr-FR\",\"@id\":\"https:\/\/www.mideahvac.fr\/midea-blog\/#\/schema\/person\/image\/\",\"url\":\"https:\/\/secure.gravatar.com\/avatar\/356c2705ea7f9a40a94217512da7cf14?s=96&d=mm&r=g\",\"contentUrl\":\"https:\/\/secure.gravatar.com\/avatar\/356c2705ea7f9a40a94217512da7cf14?s=96&d=mm&r=g\",\"caption\":\"artesans\"}}]}<\/script>\n<!-- \/ Yoast SEO plugin. -->","yoast_head_json":{"title":"Quelle serait la consommation de mon climatiseur si je le laissais fonctionner pendant toute la nuit ?","description":"Qu\u2019arriverait-il si nous dormions toute la nuit avec le climatiseur allum\u00e9? Le montant de notre facture grimperait-il ? Saviez-vous que le sommeil est","robots":{"index":"index","follow":"follow","max-snippet":"max-snippet:-1","max-image-preview":"max-image-preview:large","max-video-preview":"max-video-preview:-1"},"canonical":"https:\/\/www.mideahvac.fr\/midea-blog\/quelle-serait-la-consommation-de-mon-climatiseur-si-je-le-laissais-fonctionner-pendant-toute-la-nuit\/","og_locale":"fr_FR","og_type":"article","og_title":"Quelle serait la consommation de mon climatiseur si je le laissais fonctionner pendant toute la nuit ?","og_description":"Qu\u2019arriverait-il si nous dormions toute la nuit avec le climatiseur allum\u00e9? Le montant de notre facture grimperait-il ? Saviez-vous que le sommeil est","og_url":"https:\/\/www.mideahvac.fr\/midea-blog\/quelle-serait-la-consommation-de-mon-climatiseur-si-je-le-laissais-fonctionner-pendant-toute-la-nuit\/","og_site_name":"Id\u00e9es Midea","article_published_time":"2021-09-12T11:01:26+00:00","article_modified_time":"2021-09-21T09:59:46+00:00","og_image":[{"width":1695,"height":700,"url":"https:\/\/www.mideahvac.fr\/midea-blog\/wp-content\/uploads\/2021\/09\/climatiseur-fonctionner-nuit.jpg","type":"image\/jpeg"}],"author":"artesans","twitter_card":"summary_large_image","twitter_misc":{"\u00c9crit par":"artesans","Dur\u00e9e de lecture estim\u00e9e":"4 minutes"},"schema":{"@context":"https:\/\/schema.org","@graph":[{"@type":"Article","@id":"https:\/\/www.mideahvac.fr\/midea-blog\/quelle-serait-la-consommation-de-mon-climatiseur-si-je-le-laissais-fonctionner-pendant-toute-la-nuit\/#article","isPartOf":{"@id":"https:\/\/www.mideahvac.fr\/midea-blog\/quelle-serait-la-consommation-de-mon-climatiseur-si-je-le-laissais-fonctionner-pendant-toute-la-nuit\/"},"author":{"name":"artesans","@id":"https:\/\/www.mideahvac.fr\/midea-blog\/#\/schema\/person\/a67cf6037aa7d08212d0dda73c64d18b"},"headline":"Quelle serait la consommation de mon climatiseur si je le laissais fonctionner pendant toute la nuit ?","datePublished":"2021-09-12T11:01:26+00:00","dateModified":"2021-09-21T09:59:46+00:00","mainEntityOfPage":{"@id":"https:\/\/www.mideahvac.fr\/midea-blog\/quelle-serait-la-consommation-de-mon-climatiseur-si-je-le-laissais-fonctionner-pendant-toute-la-nuit\/"},"wordCount":788,"commentCount":0,"publisher":{"@id":"https:\/\/www.mideahvac.fr\/midea-blog\/#organization"},"articleSection":["Air et maison"],"inLanguage":"fr-FR","potentialAction":[{"@type":"CommentAction","name":"Comment","target":["https:\/\/www.mideahvac.fr\/midea-blog\/quelle-serait-la-consommation-de-mon-climatiseur-si-je-le-laissais-fonctionner-pendant-toute-la-nuit\/#respond"]}]},{"@type":"WebPage","@id":"https:\/\/www.mideahvac.fr\/midea-blog\/quelle-serait-la-consommation-de-mon-climatiseur-si-je-le-laissais-fonctionner-pendant-toute-la-nuit\/","url":"https:\/\/www.mideahvac.fr\/midea-blog\/quelle-serait-la-consommation-de-mon-climatiseur-si-je-le-laissais-fonctionner-pendant-toute-la-nuit\/","name":"Quelle serait la consommation de mon climatiseur si je le laissais fonctionner pendant toute la nuit ?","isPartOf":{"@id":"https:\/\/www.mideahvac.fr\/midea-blog\/#website"},"datePublished":"2021-09-12T11:01:26+00:00","dateModified":"2021-09-21T09:59:46+00:00","description":"Qu\u2019arriverait-il si nous dormions toute la nuit avec le climatiseur allum\u00e9? Le montant de notre facture grimperait-il ? Saviez-vous que le sommeil est","breadcrumb":{"@id":"https:\/\/www.mideahvac.fr\/midea-blog\/quelle-serait-la-consommation-de-mon-climatiseur-si-je-le-laissais-fonctionner-pendant-toute-la-nuit\/#breadcrumb"},"inLanguage":"fr-FR","potentialAction":[{"@type":"ReadAction","target":["https:\/\/www.mideahvac.fr\/midea-blog\/quelle-serait-la-consommation-de-mon-climatiseur-si-je-le-laissais-fonctionner-pendant-toute-la-nuit\/"]}]},{"@type":"BreadcrumbList","@id":"https:\/\/www.mideahvac.fr\/midea-blog\/quelle-serait-la-consommation-de-mon-climatiseur-si-je-le-laissais-fonctionner-pendant-toute-la-nuit\/#breadcrumb","itemListElement":[{"@type":"ListItem","position":1,"name":"Portada","item":"https:\/\/www.mideahvac.fr\/midea-blog\/"},{"@type":"ListItem","position":2,"name":"Quelle serait la consommation de mon climatiseur si je le laissais fonctionner pendant toute la nuit ?"}]},{"@type":"WebSite","@id":"https:\/\/www.mideahvac.fr\/midea-blog\/#website","url":"https:\/\/www.mideahvac.fr\/midea-blog\/","name":"Id\u00e9es Midea","description":"Traitement de l&#039;air","publisher":{"@id":"https:\/\/www.mideahvac.fr\/midea-blog\/#organization"},"potentialAction":[{"@type":"SearchAction","target":{"@type":"EntryPoint","urlTemplate":"https:\/\/www.mideahvac.fr\/midea-blog\/?s={search_term_string}"},"query-input":"required name=search_term_string"}],"inLanguage":"fr-FR"},{"@type":"Organization","@id":"https:\/\/www.mideahvac.fr\/midea-blog\/#organization","name":"Midea","url":"https:\/\/www.mideahvac.fr\/midea-blog\/","logo":{"@type":"ImageObject","inLanguage":"fr-FR","@id":"https:\/\/www.mideahvac.fr\/midea-blog\/#\/schema\/logo\/image\/","url":"https:\/\/www.mideahvac.fr\/midea-blog\/wp-content\/uploads\/2018\/07\/cropped-midea.png","contentUrl":"https:\/\/www.mideahvac.fr\/midea-blog\/wp-content\/uploads\/2018\/07\/cropped-midea.png","width":385,"height":250,"caption":"Midea"},"image":{"@id":"https:\/\/www.mideahvac.fr\/midea-blog\/#\/schema\/logo\/image\/"}},{"@type":"Person","@id":"https:\/\/www.mideahvac.fr\/midea-blog\/#\/schema\/person\/a67cf6037aa7d08212d0dda73c64d18b","name":"artesans","image":{"@type":"ImageObject","inLanguage":"fr-FR","@id":"https:\/\/www.mideahvac.fr\/midea-blog\/#\/schema\/person\/image\/","url":"https:\/\/secure.gravatar.com\/avatar\/356c2705ea7f9a40a94217512da7cf14?s=96&d=mm&r=g","contentUrl":"https:\/\/secure.gravatar.com\/avatar\/356c2705ea7f9a40a94217512da7cf14?s=96&d=mm&r=g","caption":"artesans"}}]}},"_links":{"self":[{"href":"https:\/\/www.mideahvac.fr\/midea-blog\/wp-json\/wp\/v2\/posts\/1175"}],"collection":[{"href":"https:\/\/www.mideahvac.fr\/midea-blog\/wp-json\/wp\/v2\/posts"}],"about":[{"href":"https:\/\/www.mideahvac.fr\/midea-blog\/wp-json\/wp\/v2\/types\/post"}],"author":[{"embeddable":true,"href":"https:\/\/www.mideahvac.fr\/midea-blog\/wp-json\/wp\/v2\/users\/5"}],"replies":[{"embeddable":true,"href":"https:\/\/www.mideahvac.fr\/midea-blog\/wp-json\/wp\/v2\/comments?post=1175"}],"version-history":[{"count":5,"href":"https:\/\/www.mideahvac.fr\/midea-blog\/wp-json\/wp\/v2\/posts\/1175\/revisions"}],"predecessor-version":[{"id":1204,"href":"https:\/\/www.mideahvac.fr\/midea-blog\/wp-json\/wp\/v2\/posts\/1175\/revisions\/1204"}],"wp:featuredmedia":[{"embeddable":true,"href":"https:\/\/www.mideahvac.fr\/midea-blog\/wp-json\/wp\/v2\/media\/1176"}],"wp:attachment":[{"href":"https:\/\/www.mideahvac.fr\/midea-blog\/wp-json\/wp\/v2\/media?parent=1175"}],"wp:term":[{"taxonomy":"category","embeddable":true,"href":"https:\/\/www.mideahvac.fr\/midea-blog\/wp-json\/wp\/v2\/categories?post=1175"},{"taxonomy":"post_tag","embeddable":true,"href":"https:\/\/www.mideahvac.fr\/midea-blog\/wp-json\/wp\/v2\/tags?post=1175"}],"curies":[{"name":"wp","href":"https:\/\/api.w.org\/{rel}","templated":true}]}}